{"id":2350,"date":"2026-03-11T11:23:55","date_gmt":"2026-03-11T11:23:55","guid":{"rendered":"https:\/\/smarteam.com.es\/homepage\/?p=2350"},"modified":"2026-03-11T11:23:55","modified_gmt":"2026-03-11T11:23:55","slug":"ley-de-fichaje-digital-como-afectara-a-autonomos-con-empleados","status":"publish","type":"post","link":"https:\/\/smarteam.com.es\/homepage\/2026\/03\/11\/ley-de-fichaje-digital-como-afectara-a-autonomos-con-empleados\/","title":{"rendered":"Ley de fichaje digital: \u00bfc\u00f3mo afectar\u00e1 a aut\u00f3nomos con empleados?"},"content":{"rendered":"<p><span style=\"font-weight: 400;\">Durante a\u00f1os, muchos aut\u00f3nomos con empleados han gestionado su equipo con una mezcla de confianza, cercan\u00eda y cierta improvisaci\u00f3n administrativa. Un cuaderno en el caj\u00f3n, una hoja Excel que iba creciendo mes a mes, mensajes de WhatsApp para ajustar horarios. Nada dram\u00e1tico. Nada que pareciera irregular.<\/span><\/p>\n<p><span style=\"font-weight: 400;\">Pero 2026 no es 2016.<\/span><\/p>\n<p><span style=\"font-weight: 400;\">La ley de fichaje digital ha madurado, la Inspecci\u00f3n de Trabajo ha sofisticado sus m\u00e9todos y el contexto laboral \u2014con debates sobre reducci\u00f3n de jornada, teletrabajo estructural y control de horas extraordinarias\u2014 ha elevado el list\u00f3n. Hoy, el registro horario ya no es un tr\u00e1mite. Es un elemento estructural de la gesti\u00f3n empresarial.<\/span><\/p>\n<p><span style=\"font-weight: 400;\">Y aqu\u00ed est\u00e1 la clave: los aut\u00f3nomos con empleados est\u00e1n exactamente igual de obligados que una empresa de 200 trabajadores.<\/span><\/p>\n<p><span style=\"font-weight: 400;\">No importa si tienes una cl\u00ednica con dos higienistas, una tienda con tres dependientes o una asesor\u00eda con un administrativo. Si existe relaci\u00f3n laboral, existe obligaci\u00f3n de registro horario conforme a ley.<\/span><\/p>\n<p><span style=\"font-weight: 400;\">La pregunta ya no es si debes hacerlo. Es c\u00f3mo hacerlo sin comprometer tu seguridad jur\u00eddica ni la imagen de tu negocio.<\/span><\/p>\n<h2><b>\u00bfQu\u00e9 implica de verdad la ley de fichaje digital para aut\u00f3nomos con empleados?<\/b><\/h2>\n<h3><b>El marco legal ya no es interpretable<\/b><\/h3>\n<p><span style=\"font-weight: 400;\">Desde el Real Decreto-ley 8\/2019, el registro diario de jornada es obligatorio. Pero lo que ha cambiado en estos a\u00f1os no es la letra, sino la interpretaci\u00f3n pr\u00e1ctica.<\/span><\/p>\n<p><span style=\"font-weight: 400;\">En 2026, la tendencia inspectora exige que el sistema sea:<\/span><\/p>\n<ul>\n<li><span style=\"font-weight: 400;\"> Objetivo<\/span><span style=\"font-weight: 400;\"><br \/>\n<\/span><span style=\"font-weight: 400;\">\u2022 Fiable<\/span><span style=\"font-weight: 400;\"><br \/>\n<\/span><span style=\"font-weight: 400;\">\u2022 Inalterable<\/span><span style=\"font-weight: 400;\"><br \/>\n<\/span><span style=\"font-weight: 400;\">\u2022 Accesible de forma inmediata<\/span><span style=\"font-weight: 400;\"><br \/>\n<\/span><span style=\"font-weight: 400;\">\u2022 Conservado durante m\u00ednimo cuatro a\u00f1os<\/span><\/li>\n<\/ul>\n<p><span style=\"font-weight: 400;\">Y aqu\u00ed es donde muchos aut\u00f3nomos con empleados se encuentran en terreno fr\u00e1gil. Porque una hoja Excel editable no es inalterable. Porque una firma semanal acumulada no prueba la hora exacta de entrada. Porque un papel puede perderse.<\/span><\/p>\n<p><span style=\"font-weight: 400;\">La carga de la prueba recae en el empleador. Siempre.<\/span><\/p>\n<h3><b>Obligaciones legales de control horario para aut\u00f3nomos que contratan personal<\/b><\/h3>\n<p><span style=\"font-weight: 400;\">Conviene dejarlo claro, sin matices:<\/span><\/p>\n<p><span style=\"font-weight: 400;\">Las obligaciones legales de control horario para aut\u00f3nomos que contratan personal son id\u00e9nticas a las de cualquier sociedad mercantil.<\/span><\/p>\n<p><span style=\"font-weight: 400;\">Aplican en los siguientes casos:<\/span><\/p>\n<ul>\n<li><span style=\"font-weight: 400;\"> Un solo trabajador contratado<\/span><span style=\"font-weight: 400;\"><br \/>\n<\/span><span style=\"font-weight: 400;\">\u2022 Jornada parcial<\/span><span style=\"font-weight: 400;\"><br \/>\n<\/span><span style=\"font-weight: 400;\">\u2022 Contrato temporal<\/span><span style=\"font-weight: 400;\"><br \/>\n<\/span><span style=\"font-weight: 400;\">\u2022 Teletrabajo o modalidad h\u00edbrida<\/span><span style=\"font-weight: 400;\"><br \/>\n<\/span><span style=\"font-weight: 400;\">\u2022 Empleados con horario flexible<\/span><\/li>\n<\/ul>\n<p><span style=\"font-weight: 400;\">El registro debe reflejar hora real de inicio y fin. No basta con \u201cjornada de 8 horas\u201d. Debe poder acreditarse.<\/span><\/p>\n<p><span style=\"font-weight: 400;\">En inspecciones recientes (datos sectoriales 2025-2026), las microempresas concentran un porcentaje significativo de incidencias por sistemas informales. No por mala fe, sino por desconocimiento t\u00e9cnico.<\/span><\/p>\n<p><span style=\"font-weight: 400;\">Pero la sanci\u00f3n no distingue intenciones.<\/span><\/p>\n<h3><b>El riesgo silencioso: las horas extraordinarias presuntas<\/b><\/h3>\n<p><span style=\"font-weight: 400;\">Uno de los efectos m\u00e1s delicados del incumplimiento no es la multa inmediata. Es la presunci\u00f3n de horas extraordinarias.<\/span><\/p>\n<p><span style=\"font-weight: 400;\">Si no existe registro fiable, el trabajador puede alegar realizaci\u00f3n habitual de horas extra. Y sin prueba documental s\u00f3lida, la posici\u00f3n del aut\u00f3nomo con empleados se debilita notablemente.<\/span><\/p>\n<h2><b>\u00bfC\u00f3mo afectar\u00e1 la ley de fichaje digital a aut\u00f3nomos con empleados en la pr\u00e1ctica diaria?<\/b><\/h2>\n<h3><b>Del papel al dato estructurado<\/b><\/h3>\n<p><span style=\"font-weight: 400;\">El salto no es tecnol\u00f3gico. Es cultural.<\/span><\/p>\n<p><span style=\"font-weight: 400;\">Antes:<\/span><span style=\"font-weight: 400;\"><br \/>\n<\/span><span style=\"font-weight: 400;\">\u201cFichamos cuando podemos\u201d.<\/span><\/p>\n<p><span style=\"font-weight: 400;\">Ahora:<\/span><span style=\"font-weight: 400;\"><br \/>\n<\/span><span style=\"font-weight: 400;\">\u201cCada minuto queda registrado y disponible para auditor\u00eda\u201d.<\/span><\/p>\n<p><span style=\"font-weight: 400;\">Un sistema avanzado de<\/span><a href=\"https:\/\/smarteam.com.es\/homepage\/control-horario-fichar\/\"> <span style=\"font-weight: 400;\">control horario digital<\/span><\/a><span style=\"font-weight: 400;\"> permite:<\/span><\/p>\n<ul>\n<li><span style=\"font-weight: 400;\"> Registro desde m\u00f3vil o navegador<\/span><span style=\"font-weight: 400;\"><br \/>\n<\/span><span style=\"font-weight: 400;\">\u2022 Trazabilidad completa<\/span><span style=\"font-weight: 400;\"><br \/>\n<\/span><span style=\"font-weight: 400;\">\u2022 Historial inalterable<\/span><span style=\"font-weight: 400;\"><br \/>\n<\/span><span style=\"font-weight: 400;\">\u2022 Exportaci\u00f3n inmediata ante inspecci\u00f3n<\/span><span style=\"font-weight: 400;\"><br \/>\n<\/span><span style=\"font-weight: 400;\">\u2022 Control automatizado de horas extra<\/span><\/li>\n<\/ul>\n<p><span style=\"font-weight: 400;\">Para el aut\u00f3nomo con empleados, esto significa reducir incertidumbre.<\/span><\/p>\n<h3><b>Teletrabajo: el \u00e1ngulo que muchos subestiman<\/b><\/h3>\n<p><span style=\"font-weight: 400;\">Desde la consolidaci\u00f3n del trabajo h\u00edbrido, el control horario ya no se limita a un espacio f\u00edsico.<\/span><\/p>\n<p><span style=\"font-weight: 400;\">La ley no distingue ubicaci\u00f3n. Si el empleado trabaja desde casa, tambi\u00e9n debe registrar jornada.<\/span><\/p>\n<p><span style=\"font-weight: 400;\">Aqu\u00ed es donde las soluciones digitales se vuelven imprescindibles. No se trata solo de fichar, sino de garantizar que el sistema cumple con:<\/span><\/p>\n<ul>\n<li><span style=\"font-weight: 400;\"> Protecci\u00f3n de datos<\/span><span style=\"font-weight: 400;\"><br \/>\n<\/span><span style=\"font-weight: 400;\">\u2022 Seguridad inform\u00e1tica<\/span><span style=\"font-weight: 400;\"><br \/>\n<\/span><span style=\"font-weight: 400;\">\u2022 Acceso individualizado<\/span><\/li>\n<\/ul>\n<p><span style=\"font-weight: 400;\">La improvisaci\u00f3n en entornos remotos multiplica el riesgo.<\/span><\/p>\n<h3><b>Comparativa t\u00e9cnica: Excel vs software especializado<\/b><\/h3>\n<p><span style=\"font-weight: 400;\">Excel:<\/span><\/p>\n<ul>\n<li><span style=\"font-weight: 400;\"> Editable sin trazabilidad real<\/span><span style=\"font-weight: 400;\"><br \/>\n<\/span><span style=\"font-weight: 400;\">\u2022 Sin registro autom\u00e1tico de cambios fiable<\/span><span style=\"font-weight: 400;\"><br \/>\n<\/span><span style=\"font-weight: 400;\">\u2022 Sin alertas de horas extra<\/span><span style=\"font-weight: 400;\"><br \/>\n<\/span><span style=\"font-weight: 400;\">\u2022 Sin integraci\u00f3n con RR. HH.<\/span><\/li>\n<\/ul>\n<p><span style=\"font-weight: 400;\">Software especializado:<\/span><\/p>\n<ul>\n<li><span style=\"font-weight: 400;\"> Registro inalterable<\/span><span style=\"font-weight: 400;\"><br \/>\n<\/span><span style=\"font-weight: 400;\">\u2022 Auditor\u00eda autom\u00e1tica<\/span><span style=\"font-weight: 400;\"><br \/>\n<\/span><span style=\"font-weight: 400;\">\u2022 Alertas de exceso de jornada<\/span><span style=\"font-weight: 400;\"><br \/>\n<\/span><span style=\"font-weight: 400;\">\u2022 Informes estructurados<\/span><span style=\"font-weight: 400;\"><br \/>\n<\/span><span style=\"font-weight: 400;\">\u2022 Integraci\u00f3n con gesti\u00f3n laboral<\/span><\/li>\n<\/ul>\n<p><span style=\"font-weight: 400;\">La diferencia no es est\u00e9tica. Es probatoria.<\/span><\/p>\n<h2><b>Gu\u00eda estrat\u00e9gica para aut\u00f3nomos con empleados<\/b><\/h2>\n<h3><b>1. Auditor\u00eda interna inmediata<\/b><\/h3>\n<p><span style=\"font-weight: 400;\">Preguntas clave:<\/span><\/p>\n<ul>\n<li><span style=\"font-weight: 400;\"> \u00bfEl sistema actual impide modificaciones retroactivas?<\/span><span style=\"font-weight: 400;\"><br \/>\n<\/span><span style=\"font-weight: 400;\">\u2022 \u00bfPuede presentarse ante inspecci\u00f3n en formato claro y exportable?<\/span><span style=\"font-weight: 400;\"><br \/>\n<\/span><span style=\"font-weight: 400;\">\u2022 \u00bfRegistra hora real y no estimada?<\/span><span style=\"font-weight: 400;\"><br \/>\n<\/span><span style=\"font-weight: 400;\">\u2022 \u00bfEst\u00e1 alineado con protecci\u00f3n de datos?<\/span><\/li>\n<\/ul>\n<p><span style=\"font-weight: 400;\">Si alguna respuesta genera duda, la adaptaci\u00f3n no puede esperar.<\/span><\/p>\n<h3><b>2. Implantaci\u00f3n sin fricci\u00f3n<\/b><\/h3>\n<p><span style=\"font-weight: 400;\">Un error frecuente es imponer el sistema sin explicaci\u00f3n.<\/span><\/p>\n<p><span style=\"font-weight: 400;\">La experiencia demuestra que cuando se comunica correctamente:<\/span><\/p>\n<ul>\n<li><span style=\"font-weight: 400;\"> Se reduce resistencia<\/span><span style=\"font-weight: 400;\"><br \/>\n<\/span><span style=\"font-weight: 400;\">\u2022 Se refuerza transparencia<\/span><span style=\"font-weight: 400;\"><br \/>\n<\/span><span style=\"font-weight: 400;\">\u2022 Se evitan conflictos posteriores<\/span><\/li>\n<\/ul>\n<p><span style=\"font-weight: 400;\">El discurso no debe ser \u201ccontrol\u201d, sino \u201ccumplimiento y claridad\u201d.<\/span><\/p>\n<h3><b>3. Convertir el registro en herramienta de gesti\u00f3n<\/b><\/h3>\n<p><span style=\"font-weight: 400;\">Aqu\u00ed est\u00e1 el giro interesante.<\/span><\/p>\n<p><span style=\"font-weight: 400;\">El control horario permite:<\/span><\/p>\n<ul>\n<li><span style=\"font-weight: 400;\"> Detectar picos de actividad<\/span><span style=\"font-weight: 400;\"><br \/>\n<\/span><span style=\"font-weight: 400;\">\u2022 Ajustar turnos<\/span><span style=\"font-weight: 400;\"><br \/>\n<\/span><span style=\"font-weight: 400;\">\u2022 Identificar ineficiencias<\/span><span style=\"font-weight: 400;\"><br \/>\n<\/span><span style=\"font-weight: 400;\">\u2022 Planificar vacaciones con datos reales<\/span><\/li>\n<\/ul>\n<p><span style=\"font-weight: 400;\">Para un aut\u00f3nomo con empleados, donde cada hora impacta directamente en rentabilidad, esta informaci\u00f3n es oro operativo.<\/span><\/p>\n<h2><b>El valor a\u00f1adido que nadie menciona<\/b><\/h2>\n<h3><b>Profesionalizaci\u00f3n inmediata<\/b><\/h3>\n<p><span style=\"font-weight: 400;\">Un negocio peque\u00f1o no tiene por qu\u00e9 parecer improvisado.<\/span><\/p>\n<p><span style=\"font-weight: 400;\">Implantar un sistema estructurado proyecta:<\/span><\/p>\n<ul>\n<li><span style=\"font-weight: 400;\"> Organizaci\u00f3n<\/span><span style=\"font-weight: 400;\"><br \/>\n<\/span><span style=\"font-weight: 400;\">\u2022 Transparencia<\/span><span style=\"font-weight: 400;\"><br \/>\n<\/span><span style=\"font-weight: 400;\">\u2022 Cultura empresarial moderna<\/span><\/li>\n<\/ul>\n<p><span style=\"font-weight: 400;\">Un testimonio simulado habitual en procesos de implantaci\u00f3n:<\/span><\/p>\n<p><span style=\"font-weight: 400;\">\u201cPens\u00e1bamos que con dos empleados no necesit\u00e1bamos nada sofisticado. Ahora tenemos informes claros y menos discusiones por horarios\u201d.<\/span><\/p>\n<p><span style=\"font-weight: 400;\">La percepci\u00f3n cambia. Internamente y hacia fuera.<\/span><\/p>\n<h3><b>Preparaci\u00f3n ante futuras reformas laborales<\/b><\/h3>\n<p><span style=\"font-weight: 400;\">El debate sobre reducci\u00f3n de jornada y mayor control digital no es coyuntural.<\/span><\/p>\n<p><span style=\"font-weight: 400;\">La tendencia regulatoria europea apunta a:<\/span><\/p>\n<ul>\n<li><span style=\"font-weight: 400;\"> Mayor digitalizaci\u00f3n<\/span><span style=\"font-weight: 400;\"><br \/>\n<\/span><span style=\"font-weight: 400;\">\u2022 Mayor control de tiempos efectivos<\/span><span style=\"font-weight: 400;\"><br \/>\n<\/span><span style=\"font-weight: 400;\">\u2022 Mayor trazabilidad<\/span><\/li>\n<\/ul>\n<p><span style=\"font-weight: 400;\">Los aut\u00f3nomos con empleados que ya operan con sistemas digitales avanzados estar\u00e1n preparados sin sobresaltos.<\/span><\/p>\n<h3><b>Seguridad jur\u00eddica como activo estrat\u00e9gico<\/b><\/h3>\n<p><span style=\"font-weight: 400;\">No se trata solo de evitar sanciones. Se trata de dormir tranquilo.<\/span><\/p>\n<p><span style=\"font-weight: 400;\">Ante inspecci\u00f3n, poder abrir un panel y descargar registros estructurados cambia el escenario por completo.<\/span><\/p>\n<p><span style=\"font-weight: 400;\">No es dramatismo. Es prevenci\u00f3n inteligente.<\/span><\/p>\n<h2><b>Preguntas frecuentes sobre aut\u00f3nomos con empleados y la ley de fichaje digital<\/b><\/h2>\n<h3><b>\u00bfSi solo tengo un empleado estoy obligado a registrar jornada?<\/b><\/h3>\n<p><span style=\"font-weight: 400;\">S\u00ed. La obligaci\u00f3n no depende del tama\u00f1o del negocio. Si existe relaci\u00f3n laboral, debe existir registro diario conforme a normativa vigente.<\/span><\/p>\n<h3><b>\u00bfPuede considerarse v\u00e1lido un sistema manual firmado?<\/b><\/h3>\n<p><span style=\"font-weight: 400;\">En la pr\u00e1ctica inspectora actual, los sistemas manuales presentan dificultades probatorias. La tendencia es exigir sistemas digitales objetivos e inalterables.<\/span><\/p>\n<h3><b>\u00bfC\u00f3mo afectar\u00e1 la ley de fichaje digital a aut\u00f3nomos con empleados que teletrabajan?<\/b><\/h3>\n<p><span style=\"font-weight: 400;\">Exactamente igual que en modalidad presencial. El registro es obligatorio independientemente del lugar desde el que se preste el servicio.<\/span><\/p>\n<h3><b>\u00bfCu\u00e1nto tiempo deben conservarse los registros?<\/b><\/h3>\n<p><span style=\"font-weight: 400;\">Un m\u00ednimo de cuatro a\u00f1os, accesibles en cualquier momento ante requerimiento de la autoridad laboral.<\/span><\/p>\n<h3><b>\u00bfEl software especializado simplifica la gesti\u00f3n real?<\/b><\/h3>\n<p><span style=\"font-weight: 400;\">S\u00ed. No solo garantiza cumplimiento, sino que facilita planificaci\u00f3n, control de horas extra y generaci\u00f3n de informes autom\u00e1ticos.<\/span><\/p>\n<h2><b>El fichaje digital no es una carga. Es una frontera.<\/b><\/h2>\n<p><span style=\"font-weight: 400;\">Los aut\u00f3nomos con empleados viven en una frontera permanente: suficientemente peque\u00f1os para gestionar con cercan\u00eda, pero suficientemente responsables para asumir obligaciones empresariales completas.<\/span><\/p>\n<p><span style=\"font-weight: 400;\">La ley de fichaje digital simplemente ha hecho visible esa frontera.<\/span><\/p>\n<p><span style=\"font-weight: 400;\">Entender c\u00f3mo afectar\u00e1 la ley de fichaje digital a aut\u00f3nomos con empleados no es una cuesti\u00f3n burocr\u00e1tica. Es una decisi\u00f3n estrat\u00e9gica. O se gestiona con herramientas profesionales o se asume un riesgo innecesario.<\/span><\/p>\n<p><span style=\"font-weight: 400;\">Las obligaciones legales de control horario para aut\u00f3nomos que contratan personal son claras. La diferencia est\u00e1 en c\u00f3mo se abordan.<\/span><\/p>\n<p><span style=\"font-weight: 400;\">Adoptar una soluci\u00f3n robusta como la que ofrece<\/span><a href=\"https:\/\/smarteam.com.es\/homepage\/control-horario-fichar\/\"> <span style=\"font-weight: 400;\">Smarteam<\/span><\/a><span style=\"font-weight: 400;\"> no es solo cumplir. Es estructurar el negocio con mentalidad de empresa consolidada.<\/span><\/p>\n<p><span style=\"font-weight: 400;\">Y en 2026, eso ya no es opcional. Es madurez empresarial.<\/span><\/p>\n","protected":false},"excerpt":{"rendered":"<p>Durante a\u00f1os, muchos aut\u00f3nomos con empleados han gestionado su equipo con una mezcla de confianza, cercan\u00eda y cierta improvisaci\u00f3n administrativa. [&hellip;]<\/p>\n","protected":false},"author":6,"featured_media":2351,"comment_status":"open","ping_status":"open","sticky":false,"template":"","format":"standard","meta":{"inline_featured_image":false,"_joinchat":{"telephone":"+34913235049"},"footnotes":""},"categories":[3],"tags":[25,87,88,86],"class_list":["post-2350","post","type-post","status-publish","format-standard","has-post-thumbnail","hentry","category-articles","tag-control-horario-digital","tag-fichaje-digital","tag-fichaje-digital-a-autonomos","tag-ley-de-fichaje-digital"],"_links":{"self":[{"href":"https:\/\/smarteam.com.es\/homepage\/wp-json\/wp\/v2\/posts\/2350","targetHints":{"allow":["GET"]}}],"collection":[{"href":"https:\/\/smarteam.com.es\/homepage\/wp-json\/wp\/v2\/posts"}],"about":[{"href":"https:\/\/smarteam.com.es\/homepage\/wp-json\/wp\/v2\/types\/post"}],"author":[{"embeddable":true,"href":"https:\/\/smarteam.com.es\/homepage\/wp-json\/wp\/v2\/users\/6"}],"replies":[{"embeddable":true,"href":"https:\/\/smarteam.com.es\/homepage\/wp-json\/wp\/v2\/comments?post=2350"}],"version-history":[{"count":1,"href":"https:\/\/smarteam.com.es\/homepage\/wp-json\/wp\/v2\/posts\/2350\/revisions"}],"predecessor-version":[{"id":2352,"href":"https:\/\/smarteam.com.es\/homepage\/wp-json\/wp\/v2\/posts\/2350\/revisions\/2352"}],"wp:featuredmedia":[{"embeddable":true,"href":"https:\/\/smarteam.com.es\/homepage\/wp-json\/wp\/v2\/media\/2351"}],"wp:attachment":[{"href":"https:\/\/smarteam.com.es\/homepage\/wp-json\/wp\/v2\/media?parent=2350"}],"wp:term":[{"taxonomy":"category","embeddable":true,"href":"https:\/\/smarteam.com.es\/homepage\/wp-json\/wp\/v2\/categories?post=2350"},{"taxonomy":"post_tag","embeddable":true,"href":"https:\/\/smarteam.com.es\/homepage\/wp-json\/wp\/v2\/tags?post=2350"}],"curies":[{"name":"wp","href":"https:\/\/api.w.org\/{rel}","templated":true}]}}